{"id":1231,"date":"2024-06-20T14:57:37","date_gmt":"2024-06-20T12:57:37","guid":{"rendered":"https:\/\/www.miserinespritlibre.it\/?p=1231"},"modified":"2024-06-20T14:57:37","modified_gmt":"2024-06-20T12:57:37","slug":"dicono-di-noi","status":"publish","type":"post","link":"https:\/\/www.miserinespritlibre.it\/en\/dicono-di-noi\/","title":{"rendered":"Dicono di noi"},"content":{"rendered":"<p>La Stampa Aosta ci ha dedicato parte di un bellissimo articolo sui rifugi alpini che, come il nostro, cercano di proporre non solo i soliti grandi classici come polenta e salsiccetta ma anche qualcosa di un po' pi\u00f9 fantasioso e ricercato. La nostra filosofia \u00e8, per quanto possibile, quella di utilizzare prodotti locali e di qualit\u00e0. E questa estate abbiamo un sacco di nuove idee da proporvi, vedrete che non rimarrete delusi. Grazie a la Stampa Aosta per questa bella presentazione!<\/p>\n<p>&nbsp;<\/p>\n<p>&nbsp;<\/p>\n<p>&nbsp;<\/p>\n<p><img loading=\"lazy\" decoding=\"async\" class=\"alignnone size-medium wp-image-1233\" src=\"https:\/\/www.miserinespritlibre.it\/wp-content\/uploads\/2024\/06\/Annotazione-2024-06-20-145028-512x211.jpg\" alt=\"\" width=\"512\" height=\"211\" srcset=\"https:\/\/www.miserinespritlibre.it\/wp-content\/uploads\/2024\/06\/Annotazione-2024-06-20-145028-512x211.jpg 512w, https:\/\/www.miserinespritlibre.it\/wp-content\/uploads\/2024\/06\/Annotazione-2024-06-20-145028-1024x421.jpg 1024w, https:\/\/www.miserinespritlibre.it\/wp-content\/uploads\/2024\/06\/Annotazione-2024-06-20-145028-768x316.jpg 768w, https:\/\/www.miserinespritlibre.it\/wp-content\/uploads\/2024\/06\/Annotazione-2024-06-20-145028-128x53.jpg 128w, https:\/\/www.miserinespritlibre.it\/wp-content\/uploads\/2024\/06\/Annotazione-2024-06-20-145028-256x105.jpg 256w, https:\/\/www.miserinespritlibre.it\/wp-content\/uploads\/2024\/06\/Annotazione-2024-06-20-145028-384x158.jpg 384w, https:\/\/www.miserinespritlibre.it\/wp-content\/uploads\/2024\/06\/Annotazione-2024-06-20-145028.jpg 1278w\" sizes=\"auto, (max-width: 512px) 100vw, 512px\" \/><\/p>\n","protected":false},"excerpt":{"rendered":"<p>La Stampa Aosta ci ha dedicato parte di un bellissimo articolo sui rifugi alpini che, come il nostro, cercano di proporre non solo i soliti grandi classici come polenta e salsiccetta ma anche qualcosa di un po' pi\u00f9 fantasioso e ricercato. La nostra filosofia \u00e8, per quanto possibile, quella di utilizzare prodotti locali e di [&hellip;]<\/p>\n","protected":false},"author":2,"featured_media":1236,"comment_status":"closed","ping_status":"closed","sticky":false,"template":"","format":"standard","meta":{"_acf_changed":false,"footnotes":""},"categories":[1],"tags":[],"class_list":["post-1231","post","type-post","status-publish","format-standard","has-post-thumbnail","hentry","category-non-categorizzato"],"acf":[],"_links":{"self":[{"href":"https:\/\/www.miserinespritlibre.it\/en\/wp-json\/wp\/v2\/posts\/1231","targetHints":{"allow":["GET"]}}],"collection":[{"href":"https:\/\/www.miserinespritlibre.it\/en\/wp-json\/wp\/v2\/posts"}],"about":[{"href":"https:\/\/www.miserinespritlibre.it\/en\/wp-json\/wp\/v2\/types\/post"}],"author":[{"embeddable":true,"href":"https:\/\/www.miserinespritlibre.it\/en\/wp-json\/wp\/v2\/users\/2"}],"replies":[{"embeddable":true,"href":"https:\/\/www.miserinespritlibre.it\/en\/wp-json\/wp\/v2\/comments?post=1231"}],"version-history":[{"count":4,"href":"https:\/\/www.miserinespritlibre.it\/en\/wp-json\/wp\/v2\/posts\/1231\/revisions"}],"predecessor-version":[{"id":1241,"href":"https:\/\/www.miserinespritlibre.it\/en\/wp-json\/wp\/v2\/posts\/1231\/revisions\/1241"}],"wp:featuredmedia":[{"embeddable":true,"href":"https:\/\/www.miserinespritlibre.it\/en\/wp-json\/wp\/v2\/media\/1236"}],"wp:attachment":[{"href":"https:\/\/www.miserinespritlibre.it\/en\/wp-json\/wp\/v2\/media?parent=1231"}],"wp:term":[{"taxonomy":"category","embeddable":true,"href":"https:\/\/www.miserinespritlibre.it\/en\/wp-json\/wp\/v2\/categories?post=1231"},{"taxonomy":"post_tag","embeddable":true,"href":"https:\/\/www.miserinespritlibre.it\/en\/wp-json\/wp\/v2\/tags?post=1231"}],"curies":[{"name":"wp","href":"https:\/\/api.w.org\/{rel}","templated":true}]}}