{"id":1285,"date":"2024-07-16T13:04:41","date_gmt":"2024-07-16T11:04:41","guid":{"rendered":"https:\/\/www.miserinespritlibre.it\/?p=1285"},"modified":"2024-07-16T14:11:36","modified_gmt":"2024-07-16T12:11:36","slug":"alta-via-n2","status":"publish","type":"post","link":"https:\/\/www.miserinespritlibre.it\/en\/alta-via-n2\/","title":{"rendered":"ALTA VIA N\u00b02"},"content":{"rendered":"<p><em><strong>ITA:<\/strong><\/em> La Regione Valle d'Aosta ha comunicato la<strong> riapertura della strada regionale tra Aosta e Cogne per sabato 27\/07\/2024<\/strong>.<\/p>\n<p>Il sentiero che collega il rifugio Miserin a localit\u00e0 Lillaz di Cogne, passando dal Col Finestra, \u00e8 percorribile. Una squadra di volontari \u00e8 salita oggi da Cogne per un'ultima manutenzione e controllo del percorso. Il tratto che collega il rifugio Vittorio Sella a Valnontey \u00e8 invece attualmente ancora inagibile ma anche in questa sede i lavori di ripristino sono in corso. La strada poderale che collega Valnontey a Cogne \u00e8 percorribile (con presenza di mezzi di trasporto adibiti ai lavori).<\/p>\n<p>L'obiettivo \u00e8 di rendere tutta la tratta percorribile senza disagi entro il 27\/07.<\/p>\n<p>&nbsp;<\/p>\n<p><strong><em>FRA:<\/em><\/strong> La R\u00e9gion Vall\u00e9e d'Aosta a comuniqu\u00e9 la<strong> ouverture du chemin entre Cogne et Aoste pour samedi 27\/07\/2024.<\/strong><\/p>\n<p>Le sentier qui porte du refuge Miserin \u00e0 Lillaz (Cogne) en passand par le Col Fenetre est passable. Une \u00e9quipe de b\u00e9n\u00e9voles est en train de faire les derniers controles et entretiens aujourd'hui. Le sentier qui porte du refuge Vittorio Sella \u00e0 Valnontey est actuellement encore inutilisable mais les traveaux de restauration sont en cours. Le chemin de ferme qui coll\u00e8gue Valnontey \u00e0 Cogne est accesible (avec le passage des moyens de travail).<\/p>\n<p>L'objectif est de rendre toute la rue parcourible pour le 27\/07<\/p>\n<p>&nbsp;<\/p>\n<p><strong><em>ENG:<\/em><\/strong> Aosta Valley Region officially communicate that <strong>the road between Cogne et Aosta will be open on saturday 27\/07\/2024.<\/strong><\/p>\n<p>The path that goes from Rifugio Miserin to Lillaz (Cogne) is accessible. Today a group of volouteers is making the last checks and mantainence. The path that goes from rifugio Vittorio Sella to Valnontey is still not passable but the maintainence work is going on. The road that goes from Valnontey to Cogne is accessible (with the passage of some work vehicles).<\/p>\n<p>The objective is to make all the road available and safe for the 27\/07.<\/p>\n","protected":false},"excerpt":{"rendered":"<p>ITA: La Regione Valle d'Aosta ha comunicato la riapertura della strada regionale tra Aosta e Cogne per sabato 27\/07\/2024. Il sentiero che collega il rifugio Miserin a localit\u00e0 Lillaz di Cogne, passando dal Col Finestra, \u00e8 percorribile. Una squadra di volontari \u00e8 salita oggi da Cogne per un'ultima manutenzione e controllo del percorso. Il tratto [&hellip;]<\/p>\n","protected":false},"author":2,"featured_media":1286,"comment_status":"closed","ping_status":"closed","sticky":false,"template":"","format":"standard","meta":{"_acf_changed":false,"footnotes":""},"categories":[1],"tags":[],"class_list":["post-1285","post","type-post","status-publish","format-standard","has-post-thumbnail","hentry","category-non-categorizzato"],"acf":[],"_links":{"self":[{"href":"https:\/\/www.miserinespritlibre.it\/en\/wp-json\/wp\/v2\/posts\/1285","targetHints":{"allow":["GET"]}}],"collection":[{"href":"https:\/\/www.miserinespritlibre.it\/en\/wp-json\/wp\/v2\/posts"}],"about":[{"href":"https:\/\/www.miserinespritlibre.it\/en\/wp-json\/wp\/v2\/types\/post"}],"author":[{"embeddable":true,"href":"https:\/\/www.miserinespritlibre.it\/en\/wp-json\/wp\/v2\/users\/2"}],"replies":[{"embeddable":true,"href":"https:\/\/www.miserinespritlibre.it\/en\/wp-json\/wp\/v2\/comments?post=1285"}],"version-history":[{"count":2,"href":"https:\/\/www.miserinespritlibre.it\/en\/wp-json\/wp\/v2\/posts\/1285\/revisions"}],"predecessor-version":[{"id":1293,"href":"https:\/\/www.miserinespritlibre.it\/en\/wp-json\/wp\/v2\/posts\/1285\/revisions\/1293"}],"wp:featuredmedia":[{"embeddable":true,"href":"https:\/\/www.miserinespritlibre.it\/en\/wp-json\/wp\/v2\/media\/1286"}],"wp:attachment":[{"href":"https:\/\/www.miserinespritlibre.it\/en\/wp-json\/wp\/v2\/media?parent=1285"}],"wp:term":[{"taxonomy":"category","embeddable":true,"href":"https:\/\/www.miserinespritlibre.it\/en\/wp-json\/wp\/v2\/categories?post=1285"},{"taxonomy":"post_tag","embeddable":true,"href":"https:\/\/www.miserinespritlibre.it\/en\/wp-json\/wp\/v2\/tags?post=1285"}],"curies":[{"name":"wp","href":"https:\/\/api.w.org\/{rel}","templated":true}]}}