{"id":1039,"date":"2022-07-25T12:04:41","date_gmt":"2022-07-25T10:04:41","guid":{"rendered":"https:\/\/www.miserinespritlibre.it\/post_attivita\/messe\/"},"modified":"2023-03-10T13:54:55","modified_gmt":"2023-03-10T12:54:55","slug":"messe","status":"publish","type":"post_attivita","link":"https:\/\/www.miserinespritlibre.it\/fr\/post_attivita\/messe\/","title":{"rendered":"Messe"},"content":{"rendered":"<p>Il n'y a pas de messe dominicale, mais les pr\u00eatres qui montent \u00e0 la cabane peuvent demander \u00e0 c\u00e9l\u00e9brer la messe dans la chapelle de la Madonna del Miserin.<\/p>\n<p>Le 5 ao\u00fbt, \u00e0 l'occasion de la f\u00eate de Notre-Dame des Neiges, en lien avec les processions de Champorcher et de Cogne, trois messes sont c\u00e9l\u00e9br\u00e9es par les diff\u00e9rents pr\u00eatres pr\u00e9sents pour l'occasion.<\/p>\n","protected":false},"author":1,"featured_media":523,"template":"","tipo_attivita":[57],"class_list":["post-1039","post_attivita","type-post_attivita","status-publish","has-post-thumbnail","hentry","tipo_attivita-autres-activites"],"acf":[],"_links":{"self":[{"href":"https:\/\/www.miserinespritlibre.it\/fr\/wp-json\/wp\/v2\/post_attivita\/1039","targetHints":{"allow":["GET"]}}],"collection":[{"href":"https:\/\/www.miserinespritlibre.it\/fr\/wp-json\/wp\/v2\/post_attivita"}],"about":[{"href":"https:\/\/www.miserinespritlibre.it\/fr\/wp-json\/wp\/v2\/types\/post_attivita"}],"author":[{"embeddable":true,"href":"https:\/\/www.miserinespritlibre.it\/fr\/wp-json\/wp\/v2\/users\/1"}],"version-history":[{"count":2,"href":"https:\/\/www.miserinespritlibre.it\/fr\/wp-json\/wp\/v2\/post_attivita\/1039\/revisions"}],"predecessor-version":[{"id":1125,"href":"https:\/\/www.miserinespritlibre.it\/fr\/wp-json\/wp\/v2\/post_attivita\/1039\/revisions\/1125"}],"wp:featuredmedia":[{"embeddable":true,"href":"https:\/\/www.miserinespritlibre.it\/fr\/wp-json\/wp\/v2\/media\/523"}],"wp:attachment":[{"href":"https:\/\/www.miserinespritlibre.it\/fr\/wp-json\/wp\/v2\/media?parent=1039"}],"wp:term":[{"taxonomy":"tipo_attivita","embeddable":true,"href":"https:\/\/www.miserinespritlibre.it\/fr\/wp-json\/wp\/v2\/tipo_attivita?post=1039"}],"curies":[{"name":"wp","href":"https:\/\/api.w.org\/{rel}","templated":true}]}}